{"id":1858,"date":"2022-09-22T16:27:31","date_gmt":"2022-09-22T16:27:31","guid":{"rendered":"https:\/\/iqra-quran.com\/kuranda-bahsedilen-erkek-ve-disi-bitkiler\/"},"modified":"2024-05-31T09:25:14","modified_gmt":"2024-05-31T09:25:14","slug":"kuranda-bahsedilen-erkek-ve-disi-bitkiler","status":"publish","type":"post","link":"https:\/\/iqra-quran.com\/tr\/kuran-mucizeleri\/kuranda-bahsedilen-erkek-ve-disi-bitkiler\/","title":{"rendered":"Kur&#8217;an&#8217;da Bahsedilen Erkek ve Di\u015fi Bitkiler"},"content":{"rendered":"\t\t<div data-elementor-type=\"wp-post\" data-elementor-id=\"1858\" class=\"elementor elementor-1858 elementor-908\" data-elementor-post-type=\"post\">\n\t\t\t\t<div class=\"elementor-element elementor-element-f1177ba e-flex e-con-boxed e-con e-parent\" data-id=\"f1177ba\" data-element_type=\"container\" data-e-type=\"container\">\n\t\t\t\t\t<div class=\"e-con-inner\">\n\t\t\t\t<div class=\"elementor-element elementor-element-08cba89 elementor-widget elementor-widget-text-editor\" data-id=\"08cba89\" data-element_type=\"widget\" data-e-type=\"widget\" data-widget_type=\"text-editor.default\">\n\t\t\t\t<div class=\"elementor-widget-container\">\n\t\t\t\t\t\t\t\t\t<p>Allah Kuran&#8217;da bitkilerden say\u0131s\u0131z kez bahseder ve onlardan her bahsetti\u011finde, \u015fu anda \u00e7o\u011fu insan taraf\u0131ndan bilinmeyen bilimsel bir ger\u00e7e\u011fi verir. Bu, erkek ve di\u015fi bitkiler aras\u0131ndaki ayr\u0131md\u0131r. Bu makalede Kur&#8217;an&#8217;\u0131n bu ayetlerine daha yak\u0131ndan bakaca\u011f\u0131z, ancak bilimsel bak\u0131\u015f a\u00e7\u0131s\u0131yla ba\u015flayal\u0131m.<\/p>\n\t\t\t\t\t\t\t\t<\/div>\n\t\t\t\t<\/div>\n\t\t\t\t<div class=\"elementor-element elementor-element-caa33a6 elementor-widget elementor-widget-heading\" data-id=\"caa33a6\" data-element_type=\"widget\" data-e-type=\"widget\" data-widget_type=\"heading.default\">\n\t\t\t\t<div class=\"elementor-widget-container\">\n\t\t\t\t\t<h2 class=\"elementor-heading-title elementor-size-default\">Erkek ve Di\u015fi Bitkiler<\/h2>\t\t\t\t<\/div>\n\t\t\t\t<\/div>\n\t\t\t\t<div class=\"elementor-element elementor-element-e6f5384 elementor-widget elementor-widget-text-editor\" data-id=\"e6f5384\" data-element_type=\"widget\" data-e-type=\"widget\" data-widget_type=\"text-editor.default\">\n\t\t\t\t<div class=\"elementor-widget-container\">\n\t\t\t\t\t\t\t\t\t<p>Bir\u00e7ok insan i\u00e7in erkek ve di\u015fi bitki kavram\u0131 kafa kar\u0131\u015ft\u0131r\u0131c\u0131d\u0131r ve bu durum bitkiler alemindeki \u00e7e\u015fitlilikle \u00f6rneklendirilebilir. Bununla birlikte, \u00e7o\u011fu hayvanda oldu\u011fu gibi bitkilerde de sperm erkek k\u0131s\u0131m taraf\u0131ndan, yumurta ise di\u015fi k\u0131s\u0131m taraf\u0131ndan \u00fcretilir.<\/p>\n\t\t\t\t\t\t\t\t<\/div>\n\t\t\t\t<\/div>\n\t\t<div class=\"elementor-element elementor-element-1c81626 e-flex e-con-boxed e-con e-child\" data-id=\"1c81626\" data-element_type=\"container\" data-e-type=\"container\">\n\t\t\t\t\t<div class=\"e-con-inner\">\n\t\t<div class=\"elementor-element elementor-element-150633d e-con-full e-flex e-con e-child\" data-id=\"150633d\" data-element_type=\"container\" data-e-type=\"container\">\n\t\t\t\t<div class=\"elementor-element elementor-element-f748aff elementor-widget elementor-widget-text-editor\" data-id=\"f748aff\" data-element_type=\"widget\" data-e-type=\"widget\" data-widget_type=\"text-editor.default\">\n\t\t\t\t<div class=\"elementor-widget-container\">\n\t\t\t\t\t\t\t\t\t<p>Baz\u0131 bitkiler <b>ya erkek ya da di\u015fidir<\/b>. Ginkgo a\u011fac\u0131, kivi meyvesi, kenevir ve s\u00f6\u011f\u00fct sadece polen veya tohum \u00fcreten bireylere sahiptir. Bu bitkiler ikievcikli t\u00fcrler olarak bilinir ve \u00fcreme stratejileri genetik \u00e7aprazlama sa\u011flar.<\/p>\n<p>Baz\u0131 bitkilerde hem di\u015fi hem de erkek k\u0131s\u0131mlar ayn\u0131 bitki \u00fczerinde bulunur. Buna <b>tek evcikli <\/b> denir. Baz\u0131 tek evcikli bitkiler g\u00fcller, zambaklar ve lalelerdir ve bir bitkide hem erkek (staminate) hem de di\u015fi (pistillate) \u00e7i\u00e7ekler g\u00f6r\u00fcrseniz bir bitkinin tek evcikli oldu\u011funu anlayabilirsiniz.<\/p>\n<p>Kabak, m\u0131s\u0131r ve hu\u015f a\u011fac\u0131 gibi di\u011fer tek evcikli bitkiler de tek e\u015feyli \u00e7i\u00e7eklere sahiptir. Bu, baz\u0131 \u00e7i\u00e7eklerin erkek ve baz\u0131lar\u0131n\u0131n di\u015fi oldu\u011fu, ancak her iki t\u00fcr\u00fcn de ayn\u0131 bitki \u00fczerinde olu\u015ftu\u011fu anlam\u0131na gelir.<\/p>\n\t\t\t\t\t\t\t\t<\/div>\n\t\t\t\t<\/div>\n\t\t\t\t<\/div>\n\t\t<div class=\"elementor-element elementor-element-9d2b98f e-flex e-con-boxed e-con e-child\" data-id=\"9d2b98f\" data-element_type=\"container\" data-e-type=\"container\">\n\t\t\t\t\t<div class=\"e-con-inner\">\n\t\t\t\t<div class=\"elementor-element elementor-element-fd0b7b2 elementor-widget elementor-widget-image\" data-id=\"fd0b7b2\" data-element_type=\"widget\" data-e-type=\"widget\" data-widget_type=\"image.default\">\n\t\t\t\t<div class=\"elementor-widget-container\">\n\t\t\t\t\t\t\t\t\t\t\t\t\t\t\t<img fetchpriority=\"high\" decoding=\"async\" width=\"600\" height=\"900\" src=\"https:\/\/iqra-quran.com\/wp-content\/uploads\/2022\/09\/Pairs-of-Plants-4.jpg\" class=\"attachment-full size-full wp-image-1660\" alt=\"\" srcset=\"https:\/\/iqra-quran.com\/wp-content\/uploads\/2022\/09\/Pairs-of-Plants-4.jpg 600w, https:\/\/iqra-quran.com\/wp-content\/uploads\/2022\/09\/Pairs-of-Plants-4-200x300.jpg 200w\" sizes=\"(max-width: 600px) 100vw, 600px\" \/>\t\t\t\t\t\t\t\t\t\t\t\t\t\t\t<\/div>\n\t\t\t\t<\/div>\n\t\t\t\t\t<\/div>\n\t\t\t\t<\/div>\n\t\t\t\t\t<\/div>\n\t\t\t\t<\/div>\n\t\t\t\t<div class=\"elementor-element elementor-element-b55f8fa elementor-widget elementor-widget-heading\" data-id=\"b55f8fa\" data-element_type=\"widget\" data-e-type=\"widget\" data-widget_type=\"heading.default\">\n\t\t\t\t<div class=\"elementor-widget-container\">\n\t\t\t\t\t<h2 class=\"elementor-heading-title elementor-size-default\">Bitkilerin Tozla\u015fmas\u0131<\/h2>\t\t\t\t<\/div>\n\t\t\t\t<\/div>\n\t\t\t\t<div class=\"elementor-element elementor-element-5705fb8 elementor-widget elementor-widget-text-editor\" data-id=\"5705fb8\" data-element_type=\"widget\" data-e-type=\"widget\" data-widget_type=\"text-editor.default\">\n\t\t\t\t<div class=\"elementor-widget-container\">\n\t\t\t\t\t\t\t\t\t<p>Tozla\u015fma \u00e7e\u015fitli \u015fekillerde ger\u00e7ekle\u015febilir. Baz\u0131 bitkiler <b>hayvanlar, r\u00fczgar ak\u0131mlar\u0131 veya b\u00f6cekler<\/b> taraf\u0131ndan tozla\u015ft\u0131r\u0131labilir.<\/p>\n<p><b> <\/b><\/p>\n<ul>\n<li>\n<p><b>R\u00fczgarla tozla\u015fma:<\/b> Tozla\u015fman\u0131n ger\u00e7ekle\u015fmesi i\u00e7in erkek kozalaklardaki polenlerin r\u00fczgarla di\u015fi kozalaklara ta\u015f\u0131nmas\u0131 gerekir.<\/p>\n<\/li>\n<li>\n<p><b>B\u00f6cekler taraf\u0131ndan tozla\u015fma:<\/b> Bir \u00e7i\u00e7e\u011fin kokusu ve parlak renkleri, nektarla beslenen b\u00f6cekleri veya sinek ku\u015flar\u0131n\u0131 \u00e7eker. B\u00f6ceklerin bir \u00e7i\u00e7ekten di\u011ferine hareketi polenleri bir \u00e7i\u00e7e\u011fin erkek k\u0131sm\u0131ndan di\u011fer \u00e7i\u00e7e\u011fin di\u015fi k\u0131sm\u0131na (stigma ve ov\u00fcl) ta\u015f\u0131yarak tozla\u015fmay\u0131 kolayla\u015ft\u0131r\u0131r.<\/p>\n<\/li>\n<\/ul>\n\t\t\t\t\t\t\t\t<\/div>\n\t\t\t\t<\/div>\n\t\t\t\t<div class=\"elementor-element elementor-element-62ccc15 elementor-widget elementor-widget-text-editor\" data-id=\"62ccc15\" data-element_type=\"widget\" data-e-type=\"widget\" data-widget_type=\"text-editor.default\">\n\t\t\t\t<div class=\"elementor-widget-container\">\n\t\t\t\t\t\t\t\t\t<p>Alman do\u011fa bilimci ve teolog <a href=\"https:\/\/de.wikipedia.org\/wiki\/Christian_Konrad_Sprengel\" target=\"_blank\" rel=\"noopener\"><b>Christian Konrad Sprengel<\/b><\/a> bitkilerin cinselli\u011fi \u00fczerine yap\u0131lan ara\u015ft\u0131rmalara \u00f6nc\u00fcl\u00fck etmi\u015ftir. 1790&#8217;larda, \u00e7i\u00e7eklerin \u00e7apraz tozla\u015fma i\u00e7in b\u00f6cekleri \u00e7ekti\u011fini ilk fark eden ki\u015fi oldu ve \u00e7i\u00e7ek biyolojisi ve anthekoloji alan\u0131ndaki modern \u00e7al\u0131\u015fmalar\u0131n temellerini att\u0131. Ancak \u00e7al\u0131\u015fmalar\u0131, 50 y\u0131l sonra Charles Darwin&#8217;in Sprengel&#8217;in b\u00f6cekler ve d\u00f6llenme aras\u0131ndaki ili\u015fki hakk\u0131nda yapt\u0131\u011f\u0131 birka\u00e7 g\u00f6zlemi do\u011frulamas\u0131na kadar geni\u015f \u00e7apta tan\u0131nmad\u0131.<\/p>\n\t\t\t\t\t\t\t\t<\/div>\n\t\t\t\t<\/div>\n\t\t\t\t<div class=\"elementor-element elementor-element-260e24d elementor-widget elementor-widget-heading\" data-id=\"260e24d\" data-element_type=\"widget\" data-e-type=\"widget\" data-widget_type=\"heading.default\">\n\t\t\t\t<div class=\"elementor-widget-container\">\n\t\t\t\t\t<h3 class=\"elementor-heading-title elementor-size-default\">Kur'an erkek ve di\u015fi bitkiler hakk\u0131nda ne diyor?<\/h3>\t\t\t\t<\/div>\n\t\t\t\t<\/div>\n\t\t\t\t<div class=\"elementor-element elementor-element-0f29fd9 elementor-blockquote--skin-border elementor-widget elementor-widget-blockquote\" data-id=\"0f29fd9\" data-element_type=\"widget\" data-e-type=\"widget\" data-widget_type=\"blockquote.default\">\n\t\t\t\t<div class=\"elementor-widget-container\">\n\t\t\t\t\t\t\t<blockquote class=\"elementor-blockquote\">\n\t\t\t<p class=\"elementor-blockquote__content\">\n\t\t\t\tSizin i\u00e7in yery\u00fcz\u00fcn\u00fc d\u00f6\u015feyen, yollar a\u00e7an, g\u00f6kten su indiren O'dur. Biz o su ile t\u00fcrl\u00fc t\u00fcrl\u00fc, \u00e7ift \u00e7ift bitkiler yeti\u015ftirdik.\t\t\t<\/p>\n\t\t\t\t\t\t\t<div class=\"e-q-footer\">\n\t\t\t\t\t\t\t\t\t\t\t<cite class=\"elementor-blockquote__author\">Qur'an 20:53<\/cite>\n\t\t\t\t\t\t\t\t\t\t\t\t\t\t<\/div>\n\t\t\t\t\t<\/blockquote>\n\t\t\t\t\t\t<\/div>\n\t\t\t\t<\/div>\n\t\t\t\t<div class=\"elementor-element elementor-element-96701a3 elementor-blockquote--skin-border elementor-widget elementor-widget-blockquote\" data-id=\"96701a3\" data-element_type=\"widget\" data-e-type=\"widget\" data-widget_type=\"blockquote.default\">\n\t\t\t\t<div class=\"elementor-widget-container\">\n\t\t\t\t\t\t\t<blockquote class=\"elementor-blockquote\">\n\t\t\t<p class=\"elementor-blockquote__content\">\n\t\t\t\tYeri de nas\u0131l uzatm\u0131\u015f, \u00fczerine <a href=\"https:\/\/iqra-quran.com\/tr\/kuran-mucizeleri\/kuranda-daglar\/\">sabit da\u011flar<\/a> oturtmu\u015fuz. Orada g\u00f6r\u00fcn\u00fc\u015f\u00fc g\u00fczel her \u00e7e\u015fit bitkiden \u00e7iftler yeti\u015ftirdik.\n\n\t\t\t<\/p>\n\t\t\t\t\t\t\t<div class=\"e-q-footer\">\n\t\t\t\t\t\t\t\t\t\t\t<cite class=\"elementor-blockquote__author\">Qur'an 50:7<\/cite>\n\t\t\t\t\t\t\t\t\t\t\t\t\t\t<\/div>\n\t\t\t\t\t<\/blockquote>\n\t\t\t\t\t\t<\/div>\n\t\t\t\t<\/div>\n\t\t\t\t<div class=\"elementor-element elementor-element-f205f7b elementor-blockquote--skin-border elementor-widget elementor-widget-blockquote\" data-id=\"f205f7b\" data-element_type=\"widget\" data-e-type=\"widget\" data-widget_type=\"blockquote.default\">\n\t\t\t\t<div class=\"elementor-widget-container\">\n\t\t\t\t\t\t\t<blockquote class=\"elementor-blockquote\">\n\t\t\t<p class=\"elementor-blockquote__content\">\n\t\t\t\tYery\u00fcz\u00fcn\u00fc enine boyuna yay\u0131p d\u00f6\u015feyen, onda oturakl\u0131 da\u011flar ve \u0131rmaklar meydana getiren ve yery\u00fcz\u00fcnde meyvelerin hepsinden iki \u00e7ift yapan O'dur. S\u00fcrekli olarak gece ile g\u00fcnd\u00fcz\u00fc birbirine dolamaktad\u0131r. D\u00fc\u015f\u00fcnecek olan bir kavim i\u00e7in bunda muhakkak ki, ibretler vard\u0131r.\t\t\t<\/p>\n\t\t\t\t\t\t\t<div class=\"e-q-footer\">\n\t\t\t\t\t\t\t\t\t\t\t<cite class=\"elementor-blockquote__author\">Qur'an 13:3<\/cite>\n\t\t\t\t\t\t\t\t\t\t\t\t\t\t<\/div>\n\t\t\t\t\t<\/blockquote>\n\t\t\t\t\t\t<\/div>\n\t\t\t\t<\/div>\n\t\t\t\t<div class=\"elementor-element elementor-element-a45cbb0 elementor-widget elementor-widget-heading\" data-id=\"a45cbb0\" data-element_type=\"widget\" data-e-type=\"widget\" data-widget_type=\"heading.default\">\n\t\t\t\t<div class=\"elementor-widget-container\">\n\t\t\t\t\t<h3 class=\"elementor-heading-title elementor-size-default\">Bu ayetlere daha yak\u0131ndan bak\u0131n<\/h3>\t\t\t\t<\/div>\n\t\t\t\t<\/div>\n\t\t\t\t<div class=\"elementor-element elementor-element-565b0f2 elementor-widget elementor-widget-text-editor\" data-id=\"565b0f2\" data-element_type=\"widget\" data-e-type=\"widget\" data-widget_type=\"text-editor.default\">\n\t\t\t\t<div class=\"elementor-widget-container\">\n\t\t\t\t\t\t\t\t\t<p>Baz\u0131lar\u0131 \u00e7iftlerin renk \u00e7iftleri vb. gibi herhangi bir anlama gelebilece\u011fini iddia edebilir. Allah&#8217;\u0131n bu &#8220;\u00e7iftler&#8221; ile asl\u0131nda erkek ve di\u015fiyi kastetti\u011fini daha iyi anlamak i\u00e7in, bu ayetlerde kullan\u0131lan dile daha yak\u0131ndan bakmak gerekir.<\/p>\n<p>Bu ayetlerde kullan\u0131lan kelimeler ya <b>ezvac<\/b> ya da <b>zevceynidir<\/b>. Her ikisi de <u>e\u015f<\/u> olarak terc\u00fcme edilen <span style=\"color: #008000;\"><b>zevc<\/b><\/span> k\u00f6k\u00fcnden t\u00fcretilmi\u015ftir.<\/p>\n<ul>\n<li><span style=\"text-align: var(--text-align); color: var( --e-global-color-secondary ); font-family: var( --e-global-typography-754b247-font-family ), Open Sans; font-size: var( --e-global-typography-754b247-font-size ); letter-spacing: var( --e-global-typography-754b247-letter-spacing ); word-spacing: var( --e-global-typography-754b247-word-spacing ); font-weight: bolder;\">Ezvac<\/span> <span style=\"text-align: var(--text-align); color: var( --e-global-color-secondary ); font-family: var( --e-global-typography-754b247-font-family ), Open Sans; font-size: var( --e-global-typography-754b247-font-size ); letter-spacing: var( --e-global-typography-754b247-letter-spacing ); word-spacing: var( --e-global-typography-754b247-word-spacing );\">kelimesi<\/span>, <span style=\"text-align: var(--text-align); color: #008000; font-family: var( --e-global-typography-754b247-font-family ), Open Sans; font-size: var( --e-global-typography-754b247-font-size ); letter-spacing: var( --e-global-typography-754b247-letter-spacing ); word-spacing: var( --e-global-typography-754b247-word-spacing ); font-weight: bolder;\">zevc<\/span> <span style=\"text-align: var(--text-align); color: var( --e-global-color-secondary ); font-family: var( --e-global-typography-754b247-font-family ), Open Sans; font-size: var( --e-global-typography-754b247-font-size ); letter-spacing: var( --e-global-typography-754b247-letter-spacing ); word-spacing: var( --e-global-typography-754b247-word-spacing );\">kelimesinin \u00e7o\u011ful halidir.<\/span><\/li>\n<li><span style=\"text-align: var(--text-align); color: var( --e-global-color-secondary ); font-family: var( --e-global-typography-754b247-font-family ), Open Sans; font-size: var( --e-global-typography-754b247-font-size ); letter-spacing: var( --e-global-typography-754b247-letter-spacing ); word-spacing: var( --e-global-typography-754b247-word-spacing ); font-weight: bolder;\">Zevceyni<\/span> <span style=\"text-align: var(--text-align); color: var( --e-global-color-secondary ); font-family: var( --e-global-typography-754b247-font-family ), Open Sans; font-size: var( --e-global-typography-754b247-font-size ); letter-spacing: var( --e-global-typography-754b247-letter-spacing ); word-spacing: var( --e-global-typography-754b247-word-spacing );\">kelimesi<\/span> <span style=\"color: #008000;\"><span style=\"text-align: var(--text-align); font-family: var( --e-global-typography-754b247-font-family ), Open Sans; font-size: var( --e-global-typography-754b247-font-size ); letter-spacing: var( --e-global-typography-754b247-letter-spacing ); word-spacing: var( --e-global-typography-754b247-word-spacing ); font-weight: bolder;\">zevc<\/span><\/span> <span style=\"text-align: var(--text-align); color: var( --e-global-color-secondary ); font-family: var( --e-global-typography-754b247-font-family ), Open Sans; font-size: var( --e-global-typography-754b247-font-size ); letter-spacing: var( --e-global-typography-754b247-letter-spacing ); word-spacing: var( --e-global-typography-754b247-word-spacing );\">kelimesinin ikili halidir<span style=\"text-align: var(--text-align); font-family: var( --e-global-typography-754b247-font-family ), Open Sans; font-size: var( --e-global-typography-754b247-font-size ); letter-spacing: var( --e-global-typography-754b247-letter-spacing ); word-spacing: var( --e-global-typography-754b247-word-spacing );\">.<\/span><\/span> <\/li>\n<\/ul>\n\t\t\t\t\t\t\t\t<\/div>\n\t\t\t\t<\/div>\n\t\t\t\t<div class=\"elementor-element elementor-element-f843d5b elementor-widget elementor-widget-text-editor\" data-id=\"f843d5b\" data-element_type=\"widget\" data-e-type=\"widget\" data-widget_type=\"text-editor.default\">\n\t\t\t\t<div class=\"elementor-widget-container\">\n\t\t\t\t\t\t\t\t\t<p>Kur&#8217;an&#8217;\u0131n bu ayetleri, Allah&#8217;\u0131n bitkileri nas\u0131l \u00e7ift yaratt\u0131\u011f\u0131n\u0131 ortaya koymakta ve ancak on sekizinci y\u00fczy\u0131l\u0131n sonlar\u0131nda Alman do\u011fa bilimci ve teolog Christian Konrad Sprengel taraf\u0131ndan ke\u015ffedilen b\u00fcy\u00fck bir ger\u00e7e\u011fe i\u015faret etmektedir.<\/p>\n<p>\u015eimdi, \u015fu nokta \u00fczerinde d\u00fc\u015f\u00fcnelim: Peygamber Muhammed&#8217;in (s.a.a) zaman\u0131nda <b>geli\u015fmi\u015f bir botanik ve biyoloji alan\u0131 yoktu.<\/b> Bitkilerin \u00fcreme s\u00fcreci ve bu alanda erkek ve di\u015fi unsurlar\u0131n rol\u00fc bilinmiyordu. <\/p>\n<p>O zaman okuma yazma bilmeyen bir ki\u015fi, insanlar\u0131n botanik veya biyolojiden habersiz oldu\u011fu bir d\u00f6nemde erkek ve di\u015fi bitkiler oldu\u011funu bilmeyi nas\u0131l ba\u015fard\u0131? Bu sorunun tek bir cevab\u0131 vard\u0131r: Bitkilerden \u00e7iftler yaratan Allah&#8217;\u0131n ona bildirdi\u011fi ger\u00e7e\u011fi.<\/p>\n\t\t\t\t\t\t\t\t<\/div>\n\t\t\t\t<\/div>\n\t\t\t\t\t<\/div>\n\t\t\t\t<\/div>\n\t\t\t\t<\/div>\n\t\t","protected":false},"excerpt":{"rendered":"<p>Allah Kuran&#8217;da bitkilerden say\u0131s\u0131z kez bahseder ve onlardan her bahsetti\u011finde, \u015fu anda \u00e7o\u011fu insan taraf\u0131ndan bilinmeyen bilimsel bir ger\u00e7e\u011fi verir. Bu makalede, bilimsel bak\u0131\u015f a\u00e7\u0131s\u0131yla ba\u015flayarak bu ayetlere daha yak\u0131ndan bakaca\u011f\u0131z.<\/p>\n","protected":false},"author":3,"featured_media":1654,"comment_status":"open","ping_status":"open","sticky":false,"template":"","format":"standard","meta":{"iawp_total_views":182,"footnotes":""},"categories":[45],"tags":[],"class_list":["post-1858","post","type-post","status-publish","format-standard","has-post-thumbnail","hentry","category-kuran-mucizeleri"],"_links":{"self":[{"href":"https:\/\/iqra-quran.com\/tr\/wp-json\/wp\/v2\/posts\/1858","targetHints":{"allow":["GET"]}}],"collection":[{"href":"https:\/\/iqra-quran.com\/tr\/wp-json\/wp\/v2\/posts"}],"about":[{"href":"https:\/\/iqra-quran.com\/tr\/wp-json\/wp\/v2\/types\/post"}],"author":[{"embeddable":true,"href":"https:\/\/iqra-quran.com\/tr\/wp-json\/wp\/v2\/users\/3"}],"replies":[{"embeddable":true,"href":"https:\/\/iqra-quran.com\/tr\/wp-json\/wp\/v2\/comments?post=1858"}],"version-history":[{"count":4,"href":"https:\/\/iqra-quran.com\/tr\/wp-json\/wp\/v2\/posts\/1858\/revisions"}],"predecessor-version":[{"id":3299,"href":"https:\/\/iqra-quran.com\/tr\/wp-json\/wp\/v2\/posts\/1858\/revisions\/3299"}],"wp:featuredmedia":[{"embeddable":true,"href":"https:\/\/iqra-quran.com\/tr\/wp-json\/wp\/v2\/media\/1654"}],"wp:attachment":[{"href":"https:\/\/iqra-quran.com\/tr\/wp-json\/wp\/v2\/media?parent=1858"}],"wp:term":[{"taxonomy":"category","embeddable":true,"href":"https:\/\/iqra-quran.com\/tr\/wp-json\/wp\/v2\/categories?post=1858"},{"taxonomy":"post_tag","embeddable":true,"href":"https:\/\/iqra-quran.com\/tr\/wp-json\/wp\/v2\/tags?post=1858"}],"curies":[{"name":"wp","href":"https:\/\/api.w.org\/{rel}","templated":true}]}}